{"id":85,"date":"1979-10-20T18:43:00","date_gmt":"1979-10-20T18:43:00","guid":{"rendered":"https:\/\/dominiqueantenen.ch\/?p=85"},"modified":"2023-02-18T07:21:03","modified_gmt":"2023-02-18T07:21:03","slug":"fete-comme-chez-nous","status":"publish","type":"post","link":"https:\/\/dominiqueantenen.ch\/?p=85","title":{"rendered":"F\u00eate comme chez nous&#8230;"},"content":{"rendered":"\n<p>Une heure et demie de la vie d\u2019une commune du Jura bernois \u00e0 la fin des ann\u00e9es 1970, anim\u00e9e par Michel D\u00e9n\u00e9riaz \u00e0 P\u00e9ry-Reuchenette<\/p>\n\n\n\n<!--more-->\n\n\n\n<figure class=\"wp-block-audio\"><audio controls src=\"https:\/\/dominiqueantenen.ch\/wp-content\/uploads\/1979\/10\/Fete-comme-chez-vous-20-10-1979.mp3\"><\/audio><figcaption class=\"wp-element-caption\">RTS (source)<\/figcaption><\/figure>\n","protected":false},"excerpt":{"rendered":"<p>Une heure et demie de la vie d\u2019une commune du Jura bernois \u00e0 la fin des ann\u00e9es 1970, anim\u00e9e par Michel D\u00e9n\u00e9riaz \u00e0 P\u00e9ry-Reuchenette<\/p>\n","protected":false},"author":1,"featured_media":0,"comment_status":"closed","ping_status":"open","sticky":false,"template":"","format":"standard","meta":[],"categories":[8],"tags":[],"_links":{"self":[{"href":"https:\/\/dominiqueantenen.ch\/index.php?rest_route=\/wp\/v2\/posts\/85"}],"collection":[{"href":"https:\/\/dominiqueantenen.ch\/index.php?rest_route=\/wp\/v2\/posts"}],"about":[{"href":"https:\/\/dominiqueantenen.ch\/index.php?rest_route=\/wp\/v2\/types\/post"}],"author":[{"embeddable":true,"href":"https:\/\/dominiqueantenen.ch\/index.php?rest_route=\/wp\/v2\/users\/1"}],"replies":[{"embeddable":true,"href":"https:\/\/dominiqueantenen.ch\/index.php?rest_route=%2Fwp%2Fv2%2Fcomments&post=85"}],"version-history":[{"count":8,"href":"https:\/\/dominiqueantenen.ch\/index.php?rest_route=\/wp\/v2\/posts\/85\/revisions"}],"predecessor-version":[{"id":96,"href":"https:\/\/dominiqueantenen.ch\/index.php?rest_route=\/wp\/v2\/posts\/85\/revisions\/96"}],"wp:attachment":[{"href":"https:\/\/dominiqueantenen.ch\/index.php?rest_route=%2Fwp%2Fv2%2Fmedia&parent=85"}],"wp:term":[{"taxonomy":"category","embeddable":true,"href":"https:\/\/dominiqueantenen.ch\/index.php?rest_route=%2Fwp%2Fv2%2Fcategories&post=85"},{"taxonomy":"post_tag","embeddable":true,"href":"https:\/\/dominiqueantenen.ch\/index.php?rest_route=%2Fwp%2Fv2%2Ftags&post=85"}],"curies":[{"name":"wp","href":"https:\/\/api.w.org\/{rel}","templated":true}]}}